{"id":1310,"date":"2016-08-03T22:26:31","date_gmt":"2016-08-03T20:26:31","guid":{"rendered":"http:\/\/skradzionymotocykl.pl\/baza\/?p=1310"},"modified":"2016-08-03T22:26:31","modified_gmt":"2016-08-03T20:26:31","slug":"bmw-r1200r","status":"publish","type":"post","link":"http:\/\/skradzionymotocykl.pl\/baza\/2016\/08\/bmw-r1200r\/","title":{"rendered":"BMW R1200R"},"content":{"rendered":"<p>marka motocykla: BMW<br \/>\nmodel motocykla: R1200R<br \/>\nrok produkcji: 1997<br \/>\nnumer vin: WB10378007ZS15451<br \/>\nnumer rejestracji: KRA E14E<br \/>\ndata kradzie\u017cy: 15.07.2016<br \/>\nmiejscowo\u015b\u0107: Krak\u00f3w<br \/>\nwojew\u00f3dztwo: Ma\u0142opolska<br \/>\nznaki szczeg\u00f3\u0142owe, opis zdarzenia: Bia\u0142y, Centralny kufer BMW<\/p>\n<p>Tomasz<br \/>\ne-mail: dvader@interia.pl<\/p>\n<p><a href=\"http:\/\/skradzionymotocykl.pl\/baza\/wp-content\/uploads\/2016\/08\/foto2.jpg\" rel=\"attachment wp-att-1311\"><img decoding=\"async\" loading=\"lazy\" src=\"http:\/\/skradzionymotocykl.pl\/baza\/wp-content\/uploads\/2016\/08\/foto2-225x300.jpg\" alt=\"foto2\" width=\"225\" height=\"300\" class=\"aligncenter size-medium wp-image-1311\" srcset=\"http:\/\/skradzionymotocykl.pl\/baza\/wp-content\/uploads\/2016\/08\/foto2-225x300.jpg 225w, http:\/\/skradzionymotocykl.pl\/baza\/wp-content\/uploads\/2016\/08\/foto2.jpg 576w\" sizes=\"(max-width: 225px) 100vw, 225px\" \/><\/a><\/p>\n","protected":false},"excerpt":{"rendered":"<p>marka motocykla: BMW model motocykla: R1200R rok produkcji: 1997 numer [&hellip;]<\/p>\n","protected":false},"author":1,"featured_media":1311,"comment_status":"closed","ping_status":"open","sticky":false,"template":"","format":"standard","meta":[],"categories":[9],"tags":[],"_links":{"self":[{"href":"http:\/\/skradzionymotocykl.pl\/baza\/wp-json\/wp\/v2\/posts\/1310"}],"collection":[{"href":"http:\/\/skradzionymotocykl.pl\/baza\/wp-json\/wp\/v2\/posts"}],"about":[{"href":"http:\/\/skradzionymotocykl.pl\/baza\/wp-json\/wp\/v2\/types\/post"}],"author":[{"embeddable":true,"href":"http:\/\/skradzionymotocykl.pl\/baza\/wp-json\/wp\/v2\/users\/1"}],"replies":[{"embeddable":true,"href":"http:\/\/skradzionymotocykl.pl\/baza\/wp-json\/wp\/v2\/comments?post=1310"}],"version-history":[{"count":1,"href":"http:\/\/skradzionymotocykl.pl\/baza\/wp-json\/wp\/v2\/posts\/1310\/revisions"}],"predecessor-version":[{"id":1312,"href":"http:\/\/skradzionymotocykl.pl\/baza\/wp-json\/wp\/v2\/posts\/1310\/revisions\/1312"}],"wp:featuredmedia":[{"embeddable":true,"href":"http:\/\/skradzionymotocykl.pl\/baza\/wp-json\/wp\/v2\/media\/1311"}],"wp:attachment":[{"href":"http:\/\/skradzionymotocykl.pl\/baza\/wp-json\/wp\/v2\/media?parent=1310"}],"wp:term":[{"taxonomy":"category","embeddable":true,"href":"http:\/\/skradzionymotocykl.pl\/baza\/wp-json\/wp\/v2\/categories?post=1310"},{"taxonomy":"post_tag","embeddable":true,"href":"http:\/\/skradzionymotocykl.pl\/baza\/wp-json\/wp\/v2\/tags?post=1310"}],"curies":[{"name":"wp","href":"https:\/\/api.w.org\/{rel}","templated":true}]}}