{"id":1702,"date":"2019-03-29T23:14:51","date_gmt":"2019-03-29T21:14:51","guid":{"rendered":"http:\/\/skradzionymotocykl.pl\/baza\/?p=1702"},"modified":"2019-05-02T17:24:05","modified_gmt":"2019-05-02T15:24:05","slug":"polaris-outlaw-525s","status":"publish","type":"post","link":"http:\/\/skradzionymotocykl.pl\/baza\/2019\/03\/polaris-outlaw-525s\/","title":{"rendered":"Polaris Outlaw 525s"},"content":{"rendered":"<p>marka motocykla: polaris<br \/>\nmodel motocykla: outlaw<br \/>\nrok produkcji: 2008<br \/>\nnumer vin: ZHSOTS52508000131<br \/>\nnumer rejestracji: brak<br \/>\ndata kradzie\u017cy: 06.02.2018<br \/>\nmiejscowo\u015b\u0107: Kozieg\u0142owy<br \/>\nwojew\u00f3dztwo: \u015bl\u0105skie<br \/>\nznaki szczeg\u00f3\u0142owe, opis zdarzenia: Quad o\u015bka na zawieszeniu FOX&#8217;a<\/p>\n<p>Sebastian<br \/>\n511113560<br \/>\nkciuk_pl@o2.pl<\/p>\n<p><a href=\"http:\/\/skradzionymotocykl.pl\/baza\/wp-content\/uploads\/2019\/03\/146-IMG_3094.jpg\"><img decoding=\"async\" loading=\"lazy\" class=\"aligncenter size-medium wp-image-1703\" src=\"http:\/\/skradzionymotocykl.pl\/baza\/wp-content\/uploads\/2019\/03\/146-IMG_3094-300x219.jpg\" alt=\"\" width=\"300\" height=\"219\" srcset=\"http:\/\/skradzionymotocykl.pl\/baza\/wp-content\/uploads\/2019\/03\/146-IMG_3094-300x219.jpg 300w, http:\/\/skradzionymotocykl.pl\/baza\/wp-content\/uploads\/2019\/03\/146-IMG_3094-768x560.jpg 768w, http:\/\/skradzionymotocykl.pl\/baza\/wp-content\/uploads\/2019\/03\/146-IMG_3094.jpg 874w\" sizes=\"(max-width: 300px) 100vw, 300px\" \/><\/a><\/p>\n<p><a href=\"http:\/\/skradzionymotocykl.pl\/baza\/wp-content\/uploads\/2019\/03\/146-IMG_4261.jpg\"><img decoding=\"async\" loading=\"lazy\" class=\"aligncenter size-medium wp-image-1704\" src=\"http:\/\/skradzionymotocykl.pl\/baza\/wp-content\/uploads\/2019\/03\/146-IMG_4261-300x269.jpg\" alt=\"\" width=\"300\" height=\"269\" srcset=\"http:\/\/skradzionymotocykl.pl\/baza\/wp-content\/uploads\/2019\/03\/146-IMG_4261-300x269.jpg 300w, http:\/\/skradzionymotocykl.pl\/baza\/wp-content\/uploads\/2019\/03\/146-IMG_4261-768x688.jpg 768w, http:\/\/skradzionymotocykl.pl\/baza\/wp-content\/uploads\/2019\/03\/146-IMG_4261-1024x917.jpg 1024w, http:\/\/skradzionymotocykl.pl\/baza\/wp-content\/uploads\/2019\/03\/146-IMG_4261.jpg 1076w\" sizes=\"(max-width: 300px) 100vw, 300px\" \/><\/a><\/p>\n","protected":false},"excerpt":{"rendered":"<p>marka motocykla: polaris model motocykla: outlaw rok produkcji: 2008 numer [&hellip;]<\/p>\n","protected":false},"author":1,"featured_media":1703,"comment_status":"closed","ping_status":"open","sticky":false,"template":"","format":"standard","meta":[],"categories":[15],"tags":[],"_links":{"self":[{"href":"http:\/\/skradzionymotocykl.pl\/baza\/wp-json\/wp\/v2\/posts\/1702"}],"collection":[{"href":"http:\/\/skradzionymotocykl.pl\/baza\/wp-json\/wp\/v2\/posts"}],"about":[{"href":"http:\/\/skradzionymotocykl.pl\/baza\/wp-json\/wp\/v2\/types\/post"}],"author":[{"embeddable":true,"href":"http:\/\/skradzionymotocykl.pl\/baza\/wp-json\/wp\/v2\/users\/1"}],"replies":[{"embeddable":true,"href":"http:\/\/skradzionymotocykl.pl\/baza\/wp-json\/wp\/v2\/comments?post=1702"}],"version-history":[{"count":1,"href":"http:\/\/skradzionymotocykl.pl\/baza\/wp-json\/wp\/v2\/posts\/1702\/revisions"}],"predecessor-version":[{"id":1705,"href":"http:\/\/skradzionymotocykl.pl\/baza\/wp-json\/wp\/v2\/posts\/1702\/revisions\/1705"}],"wp:featuredmedia":[{"embeddable":true,"href":"http:\/\/skradzionymotocykl.pl\/baza\/wp-json\/wp\/v2\/media\/1703"}],"wp:attachment":[{"href":"http:\/\/skradzionymotocykl.pl\/baza\/wp-json\/wp\/v2\/media?parent=1702"}],"wp:term":[{"taxonomy":"category","embeddable":true,"href":"http:\/\/skradzionymotocykl.pl\/baza\/wp-json\/wp\/v2\/categories?post=1702"},{"taxonomy":"post_tag","embeddable":true,"href":"http:\/\/skradzionymotocykl.pl\/baza\/wp-json\/wp\/v2\/tags?post=1702"}],"curies":[{"name":"wp","href":"https:\/\/api.w.org\/{rel}","templated":true}]}}