{"id":1714,"date":"2019-04-13T20:08:33","date_gmt":"2019-04-13T18:08:33","guid":{"rendered":"http:\/\/skradzionymotocykl.pl\/baza\/?p=1714"},"modified":"2019-04-13T20:08:33","modified_gmt":"2019-04-13T18:08:33","slug":"bmw-r-1200-gs","status":"publish","type":"post","link":"http:\/\/skradzionymotocykl.pl\/baza\/2019\/04\/bmw-r-1200-gs\/","title":{"rendered":"BMW R 1200 Gs"},"content":{"rendered":"<p>marka motocykla: BMW<br \/>\nmodel motocykla: R 1200 Gs<br \/>\nrok produkcji: 2013<br \/>\nnumer vin: WB10A0106DZ120279<br \/>\nnumer rejestracji: PWA 88VV<br \/>\ndata kradzie\u017cy: 06.04.2019<br \/>\nmiejscowo\u015b\u0107: \u017belice<br \/>\nwojew\u00f3dztwo: Wielkopolskie<br \/>\nznaki szczeg\u00f3\u0142owe, opis zdarzenia: Kradzie\u017c w nocy z 05.04.2019 na 06.04.2019 z gara\u017cu.<\/p>\n<p>Grzegorz<br \/>\n514927294<br \/>\nglasecka@onet.pl<\/p>\n<p><a href=\"http:\/\/skradzionymotocykl.pl\/baza\/wp-content\/uploads\/2019\/04\/148-FB_IMG_1554575816454.jpg\"><img decoding=\"async\" loading=\"lazy\" src=\"http:\/\/skradzionymotocykl.pl\/baza\/wp-content\/uploads\/2019\/04\/148-FB_IMG_1554575816454-300x291.jpg\" alt=\"\" width=\"300\" height=\"291\" class=\"aligncenter size-medium wp-image-1715\" srcset=\"http:\/\/skradzionymotocykl.pl\/baza\/wp-content\/uploads\/2019\/04\/148-FB_IMG_1554575816454-300x291.jpg 300w, http:\/\/skradzionymotocykl.pl\/baza\/wp-content\/uploads\/2019\/04\/148-FB_IMG_1554575816454-768x745.jpg 768w, http:\/\/skradzionymotocykl.pl\/baza\/wp-content\/uploads\/2019\/04\/148-FB_IMG_1554575816454.jpg 787w\" sizes=\"(max-width: 300px) 100vw, 300px\" \/><\/a><\/p>\n<p><a href=\"http:\/\/skradzionymotocykl.pl\/baza\/wp-content\/uploads\/2019\/04\/148-FB_IMG_1554575822400.jpg\"><img decoding=\"async\" loading=\"lazy\" src=\"http:\/\/skradzionymotocykl.pl\/baza\/wp-content\/uploads\/2019\/04\/148-FB_IMG_1554575822400-300x222.jpg\" alt=\"\" width=\"300\" height=\"222\" class=\"aligncenter size-medium wp-image-1716\" srcset=\"http:\/\/skradzionymotocykl.pl\/baza\/wp-content\/uploads\/2019\/04\/148-FB_IMG_1554575822400-300x222.jpg 300w, http:\/\/skradzionymotocykl.pl\/baza\/wp-content\/uploads\/2019\/04\/148-FB_IMG_1554575822400-768x568.jpg 768w, http:\/\/skradzionymotocykl.pl\/baza\/wp-content\/uploads\/2019\/04\/148-FB_IMG_1554575822400.jpg 996w\" sizes=\"(max-width: 300px) 100vw, 300px\" \/><\/a><\/p>\n","protected":false},"excerpt":{"rendered":"<p>marka motocykla: BMW model motocykla: R 1200 Gs rok produkcji: [&hellip;]<\/p>\n","protected":false},"author":1,"featured_media":1716,"comment_status":"closed","ping_status":"open","sticky":false,"template":"","format":"standard","meta":[],"categories":[18],"tags":[],"_links":{"self":[{"href":"http:\/\/skradzionymotocykl.pl\/baza\/wp-json\/wp\/v2\/posts\/1714"}],"collection":[{"href":"http:\/\/skradzionymotocykl.pl\/baza\/wp-json\/wp\/v2\/posts"}],"about":[{"href":"http:\/\/skradzionymotocykl.pl\/baza\/wp-json\/wp\/v2\/types\/post"}],"author":[{"embeddable":true,"href":"http:\/\/skradzionymotocykl.pl\/baza\/wp-json\/wp\/v2\/users\/1"}],"replies":[{"embeddable":true,"href":"http:\/\/skradzionymotocykl.pl\/baza\/wp-json\/wp\/v2\/comments?post=1714"}],"version-history":[{"count":1,"href":"http:\/\/skradzionymotocykl.pl\/baza\/wp-json\/wp\/v2\/posts\/1714\/revisions"}],"predecessor-version":[{"id":1717,"href":"http:\/\/skradzionymotocykl.pl\/baza\/wp-json\/wp\/v2\/posts\/1714\/revisions\/1717"}],"wp:featuredmedia":[{"embeddable":true,"href":"http:\/\/skradzionymotocykl.pl\/baza\/wp-json\/wp\/v2\/media\/1716"}],"wp:attachment":[{"href":"http:\/\/skradzionymotocykl.pl\/baza\/wp-json\/wp\/v2\/media?parent=1714"}],"wp:term":[{"taxonomy":"category","embeddable":true,"href":"http:\/\/skradzionymotocykl.pl\/baza\/wp-json\/wp\/v2\/categories?post=1714"},{"taxonomy":"post_tag","embeddable":true,"href":"http:\/\/skradzionymotocykl.pl\/baza\/wp-json\/wp\/v2\/tags?post=1714"}],"curies":[{"name":"wp","href":"https:\/\/api.w.org\/{rel}","templated":true}]}}