{"id":190,"date":"2011-07-27T03:22:54","date_gmt":"2011-07-27T01:22:54","guid":{"rendered":"http:\/\/skradzionymotocykl.pl\/baza\/?p=190"},"modified":"2011-07-27T12:51:07","modified_gmt":"2011-07-27T10:51:07","slug":"kawasaki-klx-250","status":"publish","type":"post","link":"http:\/\/skradzionymotocykl.pl\/baza\/2011\/07\/kawasaki-klx-250\/","title":{"rendered":"KAWASAKI KLX 250"},"content":{"rendered":"<p>Marka motocykla KAWASAKI<br \/>\nModel motocykla KLX 250<br \/>\nRok produkcji 1995<br \/>\nnr Vin LX250E008458<br \/>\nnr. rejestracji WK 2345<br \/>\nZnaki szczeg\u00f3\u0142owe T\u0141UMIK PRO CIRQUIT<br \/>\nMiejsce kradzie\u017cy WARSZAWA-W\u0141OCHY<br \/>\nData kradzie\u017cy 26.07.2001<br \/>\nOpis zdarzenia MOTOCYKL SKRADZIONO W NOCY Z ULICY, PRAWDOPODOBNIE METOD\u0104 &#8222;NA WYW\u00d3ZK\u0118&#8221;.<\/p>\n<p>Ryszard<br \/>\nEmail r.lenartowicz@tvn.pl<br \/>\nnr. telefonu 601058535<\/p>\n<p><a href=\"http:\/\/skradzionymotocykl.pl\/baza\/wp-content\/uploads\/2011\/07\/noid-kawa_czerwona.jpeg\" title=\"noid-kawa_czerwona\"><img decoding=\"async\" loading=\"lazy\" class=\"alignnone size-medium wp-image-191\" title=\"noid-kawa_czerwona\" src=\"http:\/\/skradzionymotocykl.pl\/baza\/wp-content\/uploads\/2011\/07\/noid-kawa_czerwona-300x225.jpg\" alt=\"\" width=\"300\" height=\"225\" srcset=\"http:\/\/skradzionymotocykl.pl\/baza\/wp-content\/uploads\/2011\/07\/noid-kawa_czerwona-300x225.jpg 300w, http:\/\/skradzionymotocykl.pl\/baza\/wp-content\/uploads\/2011\/07\/noid-kawa_czerwona.jpeg 461w\" sizes=\"(max-width: 300px) 100vw, 300px\" \/><\/a><\/p>\n","protected":false},"excerpt":{"rendered":"<p>Marka motocykla KAWASAKI Model motocykla KLX 250 Rok produkcji 1995 [&hellip;]<\/p>\n","protected":false},"author":1,"featured_media":191,"comment_status":"closed","ping_status":"open","sticky":false,"template":"","format":"standard","meta":[],"categories":[10],"tags":[],"_links":{"self":[{"href":"http:\/\/skradzionymotocykl.pl\/baza\/wp-json\/wp\/v2\/posts\/190"}],"collection":[{"href":"http:\/\/skradzionymotocykl.pl\/baza\/wp-json\/wp\/v2\/posts"}],"about":[{"href":"http:\/\/skradzionymotocykl.pl\/baza\/wp-json\/wp\/v2\/types\/post"}],"author":[{"embeddable":true,"href":"http:\/\/skradzionymotocykl.pl\/baza\/wp-json\/wp\/v2\/users\/1"}],"replies":[{"embeddable":true,"href":"http:\/\/skradzionymotocykl.pl\/baza\/wp-json\/wp\/v2\/comments?post=190"}],"version-history":[{"count":2,"href":"http:\/\/skradzionymotocykl.pl\/baza\/wp-json\/wp\/v2\/posts\/190\/revisions"}],"predecessor-version":[{"id":197,"href":"http:\/\/skradzionymotocykl.pl\/baza\/wp-json\/wp\/v2\/posts\/190\/revisions\/197"}],"wp:featuredmedia":[{"embeddable":true,"href":"http:\/\/skradzionymotocykl.pl\/baza\/wp-json\/wp\/v2\/media\/191"}],"wp:attachment":[{"href":"http:\/\/skradzionymotocykl.pl\/baza\/wp-json\/wp\/v2\/media?parent=190"}],"wp:term":[{"taxonomy":"category","embeddable":true,"href":"http:\/\/skradzionymotocykl.pl\/baza\/wp-json\/wp\/v2\/categories?post=190"},{"taxonomy":"post_tag","embeddable":true,"href":"http:\/\/skradzionymotocykl.pl\/baza\/wp-json\/wp\/v2\/tags?post=190"}],"curies":[{"name":"wp","href":"https:\/\/api.w.org\/{rel}","templated":true}]}}