{"id":198,"date":"2011-07-30T01:06:07","date_gmt":"2011-07-29T23:06:07","guid":{"rendered":"http:\/\/skradzionymotocykl.pl\/baza\/?p=198"},"modified":"2011-07-30T01:06:57","modified_gmt":"2011-07-29T23:06:57","slug":"198","status":"publish","type":"post","link":"http:\/\/skradzionymotocykl.pl\/baza\/2011\/07\/198\/","title":{"rendered":"KAWASAKI VN15"},"content":{"rendered":"<p>Marka motocykla KAWASAKI<br \/>\nModel motocykla VN 15<br \/>\nRok produkcji 1992<br \/>\nnr Vin VNT50B007493<br \/>\nnr. rejestracji WY 5840<br \/>\nZnaki szczeg\u00f3\u0142owe: kolor bordowy ,zbiornik malowany bez znaczk\u00f3w firmowych ,rury na \u0142\u0105czeniu z t\u0142umikami malowane srebrn\u0105 farb\u0105 po spawaniu ,z lewej strony rura troch\u0119 pordzewia\u0142a wyla\u0142 si\u0119 elektrolit ,brakuje pokryw od akumulatora ,sakwy zamocowane na sta\u0142e ,za oparciem mia\u0142 rolk\u0119 narz\u0119dziow\u0105 ,lusterka ozdobne or\u0142y z napisem<br \/>\nMiejsce kradzie\u017cy Warszawa W\u0142ochy ul. Szcz\u0119sna ,<br \/>\nData kradzie\u017cy noc z 25 na 26 lipca 2011<br \/>\nOpis zdarzenia: Kradzie\u017c nast\u0105pi\u0142a w nocy 25-26.07.2011 w godzinach 1 &#8211; 4.30<\/p>\n<p><span style=\"color: #ff0000;\"><strong>Za informacje nagroda !!<\/strong><\/span><\/p>\n<p>Robert<br \/>\nEmail mikry@vp.pl<br \/>\nnr. telefonu 501586108<\/p>\n<p><a href=\"http:\/\/skradzionymotocykl.pl\/baza\/wp-content\/uploads\/2011\/07\/noid-KAWA.jpg\" title=\"SONY DSC\"><img decoding=\"async\" loading=\"lazy\" class=\"alignnone size-medium wp-image-199\" title=\"SONY DSC\" src=\"http:\/\/skradzionymotocykl.pl\/baza\/wp-content\/uploads\/2011\/07\/noid-KAWA-300x203.jpg\" alt=\"\" width=\"300\" height=\"203\" srcset=\"http:\/\/skradzionymotocykl.pl\/baza\/wp-content\/uploads\/2011\/07\/noid-KAWA-300x203.jpg 300w, http:\/\/skradzionymotocykl.pl\/baza\/wp-content\/uploads\/2011\/07\/noid-KAWA.jpg 750w\" sizes=\"(max-width: 300px) 100vw, 300px\" \/><\/a><\/p>\n","protected":false},"excerpt":{"rendered":"<p>Marka motocykla KAWASAKI Model motocykla VN 15 Rok produkcji 1992 [&hellip;]<\/p>\n","protected":false},"author":1,"featured_media":199,"comment_status":"closed","ping_status":"open","sticky":false,"template":"","format":"standard","meta":[],"categories":[10],"tags":[28,29,26,27],"_links":{"self":[{"href":"http:\/\/skradzionymotocykl.pl\/baza\/wp-json\/wp\/v2\/posts\/198"}],"collection":[{"href":"http:\/\/skradzionymotocykl.pl\/baza\/wp-json\/wp\/v2\/posts"}],"about":[{"href":"http:\/\/skradzionymotocykl.pl\/baza\/wp-json\/wp\/v2\/types\/post"}],"author":[{"embeddable":true,"href":"http:\/\/skradzionymotocykl.pl\/baza\/wp-json\/wp\/v2\/users\/1"}],"replies":[{"embeddable":true,"href":"http:\/\/skradzionymotocykl.pl\/baza\/wp-json\/wp\/v2\/comments?post=198"}],"version-history":[{"count":3,"href":"http:\/\/skradzionymotocykl.pl\/baza\/wp-json\/wp\/v2\/posts\/198\/revisions"}],"predecessor-version":[{"id":202,"href":"http:\/\/skradzionymotocykl.pl\/baza\/wp-json\/wp\/v2\/posts\/198\/revisions\/202"}],"wp:featuredmedia":[{"embeddable":true,"href":"http:\/\/skradzionymotocykl.pl\/baza\/wp-json\/wp\/v2\/media\/199"}],"wp:attachment":[{"href":"http:\/\/skradzionymotocykl.pl\/baza\/wp-json\/wp\/v2\/media?parent=198"}],"wp:term":[{"taxonomy":"category","embeddable":true,"href":"http:\/\/skradzionymotocykl.pl\/baza\/wp-json\/wp\/v2\/categories?post=198"},{"taxonomy":"post_tag","embeddable":true,"href":"http:\/\/skradzionymotocykl.pl\/baza\/wp-json\/wp\/v2\/tags?post=198"}],"curies":[{"name":"wp","href":"https:\/\/api.w.org\/{rel}","templated":true}]}}