{"id":2005,"date":"2020-05-07T17:59:32","date_gmt":"2020-05-07T15:59:32","guid":{"rendered":"http:\/\/skradzionymotocykl.pl\/baza\/?p=2005"},"modified":"2020-05-07T17:59:32","modified_gmt":"2020-05-07T15:59:32","slug":"ktm-exc-450-5","status":"publish","type":"post","link":"http:\/\/skradzionymotocykl.pl\/baza\/2020\/05\/ktm-exc-450-5\/","title":{"rendered":"KTM Exc 450"},"content":{"rendered":"<p>marka motocykla: KTM<br \/>\nmodel motocykla: Exc 450<br \/>\nrok produkcji: 2012<br \/>\nnr vin: VBKEXA401CM307951<br \/>\nnr rejestracji: PZ472Y<br \/>\ndata kradzie\u017cy: 21.04.2020<br \/>\nmiejscowo\u015b\u0107: Kozieg\u0142owy<br \/>\nwojew\u00f3dztwo: Wielkopolskie<br \/>\nznaki szczeg\u00f3lne, opis zdarzenia: Z nocy 21 na 22.04 wkradli mi si\u0119 do gara\u017cu i porwali motor KTM i odzie\u017c na motor<\/p>\n<p><a href=\"http:\/\/skradzionymotocykl.pl\/baza\/wp-content\/uploads\/2020\/05\/2F34B546-EA20-474D-A92C-B33AFC1617F8.jpeg\"><img decoding=\"async\" loading=\"lazy\" src=\"http:\/\/skradzionymotocykl.pl\/baza\/wp-content\/uploads\/2020\/05\/2F34B546-EA20-474D-A92C-B33AFC1617F8-143x300.jpeg\" alt=\"\" width=\"143\" height=\"300\" class=\"aligncenter size-medium wp-image-2006\" srcset=\"http:\/\/skradzionymotocykl.pl\/baza\/wp-content\/uploads\/2020\/05\/2F34B546-EA20-474D-A92C-B33AFC1617F8-143x300.jpeg 143w, http:\/\/skradzionymotocykl.pl\/baza\/wp-content\/uploads\/2020\/05\/2F34B546-EA20-474D-A92C-B33AFC1617F8-488x1024.jpeg 488w, http:\/\/skradzionymotocykl.pl\/baza\/wp-content\/uploads\/2020\/05\/2F34B546-EA20-474D-A92C-B33AFC1617F8.jpeg 543w\" sizes=\"(max-width: 143px) 100vw, 143px\" \/><\/a><\/p>\n<p><a href=\"http:\/\/skradzionymotocykl.pl\/baza\/wp-content\/uploads\/2020\/05\/8E8B948E-1CD2-412F-A183-059DF4550415.jpeg\"><img decoding=\"async\" loading=\"lazy\" src=\"http:\/\/skradzionymotocykl.pl\/baza\/wp-content\/uploads\/2020\/05\/8E8B948E-1CD2-412F-A183-059DF4550415-300x223.jpeg\" alt=\"\" width=\"300\" height=\"223\" class=\"aligncenter size-medium wp-image-2007\" srcset=\"http:\/\/skradzionymotocykl.pl\/baza\/wp-content\/uploads\/2020\/05\/8E8B948E-1CD2-412F-A183-059DF4550415-300x223.jpeg 300w, http:\/\/skradzionymotocykl.pl\/baza\/wp-content\/uploads\/2020\/05\/8E8B948E-1CD2-412F-A183-059DF4550415-768x570.jpeg 768w, http:\/\/skradzionymotocykl.pl\/baza\/wp-content\/uploads\/2020\/05\/8E8B948E-1CD2-412F-A183-059DF4550415.jpeg 811w\" sizes=\"(max-width: 300px) 100vw, 300px\" \/><\/a><\/p>\n","protected":false},"excerpt":{"rendered":"<p>marka motocykla: KTM model motocykla: Exc 450 rok produkcji: 2012 [&hellip;]<\/p>\n","protected":false},"author":1,"featured_media":2007,"comment_status":"closed","ping_status":"open","sticky":false,"template":"","format":"standard","meta":[],"categories":[18],"tags":[],"_links":{"self":[{"href":"http:\/\/skradzionymotocykl.pl\/baza\/wp-json\/wp\/v2\/posts\/2005"}],"collection":[{"href":"http:\/\/skradzionymotocykl.pl\/baza\/wp-json\/wp\/v2\/posts"}],"about":[{"href":"http:\/\/skradzionymotocykl.pl\/baza\/wp-json\/wp\/v2\/types\/post"}],"author":[{"embeddable":true,"href":"http:\/\/skradzionymotocykl.pl\/baza\/wp-json\/wp\/v2\/users\/1"}],"replies":[{"embeddable":true,"href":"http:\/\/skradzionymotocykl.pl\/baza\/wp-json\/wp\/v2\/comments?post=2005"}],"version-history":[{"count":1,"href":"http:\/\/skradzionymotocykl.pl\/baza\/wp-json\/wp\/v2\/posts\/2005\/revisions"}],"predecessor-version":[{"id":2008,"href":"http:\/\/skradzionymotocykl.pl\/baza\/wp-json\/wp\/v2\/posts\/2005\/revisions\/2008"}],"wp:featuredmedia":[{"embeddable":true,"href":"http:\/\/skradzionymotocykl.pl\/baza\/wp-json\/wp\/v2\/media\/2007"}],"wp:attachment":[{"href":"http:\/\/skradzionymotocykl.pl\/baza\/wp-json\/wp\/v2\/media?parent=2005"}],"wp:term":[{"taxonomy":"category","embeddable":true,"href":"http:\/\/skradzionymotocykl.pl\/baza\/wp-json\/wp\/v2\/categories?post=2005"},{"taxonomy":"post_tag","embeddable":true,"href":"http:\/\/skradzionymotocykl.pl\/baza\/wp-json\/wp\/v2\/tags?post=2005"}],"curies":[{"name":"wp","href":"https:\/\/api.w.org\/{rel}","templated":true}]}}