{"id":203,"date":"2011-08-09T16:52:44","date_gmt":"2011-08-09T14:52:44","guid":{"rendered":"http:\/\/skradzionymotocykl.pl\/baza\/?p=203"},"modified":"2011-08-11T23:45:27","modified_gmt":"2011-08-11T21:45:27","slug":"ducati-monster-696","status":"publish","type":"post","link":"http:\/\/skradzionymotocykl.pl\/baza\/2011\/08\/ducati-monster-696\/","title":{"rendered":"Ducati Monster 696"},"content":{"rendered":"<p>Marka motocykla: Ducati<br \/>\nModel motocykla: Monster 696<br \/>\nRok produkcji: 2008<br \/>\nnr Vin: WAX068100035<br \/>\nnr silnika: ZDM696A2*009561*<br \/>\nnr. rejestracji: W8EWA<\/p>\n<p>Miejsce kradzie\u017cy: Warszawa, \u0141amana 8<br \/>\nData kradzie\u017cy: noc z 8 na 9 sierpnia 2011<\/p>\n<p>Opis zdarzenia:\u00a0 Skradziony z gara\u017cu wielostanowiskowego, prawdopodobnie w nocy (mi\u0119dzy 21.00 a 8:50 rano). W kufrze by\u0142 kask Shoei czerwono-bia\u0142o-czarny, ochraniacze na kolana, pas nerkowy, kominiarka.<\/p>\n<p>Znaki szczeg\u00f3\u0142owe: kufer centralny Givi 46L ze stela\u017cem, naklejka  &#8222;Desmomaniax&#8221; na lewej obudowie baku, wydechy Termignoni karbonowe,  crash pady<\/p>\n<p>Ewa<\/p>\n<p>Email ewa.cieslak.cieslak@gmail.com<br \/>\nnr. telefonu 601 131 710<\/p>\n<p>&nbsp;<\/p>\n<div id='gallery-1' class='gallery galleryid-203 gallery-columns-3 gallery-size-thumbnail'><figure class='gallery-item'>\n\t\t\t<div class='gallery-icon landscape'>\n\t\t\t\t<a href='http:\/\/skradzionymotocykl.pl\/baza\/wp-content\/uploads\/2011\/08\/noid-Radom_24_04_2010_16.jpg' rel='shadowbox[sbalbum-203];player=img;'><img width=\"150\" height=\"150\" src=\"http:\/\/skradzionymotocykl.pl\/baza\/wp-content\/uploads\/2011\/08\/noid-Radom_24_04_2010_16-150x150.jpg\" class=\"attachment-thumbnail size-thumbnail\" alt=\"\" decoding=\"async\" loading=\"lazy\" \/><\/a>\n\t\t\t<\/div><\/figure><figure class='gallery-item'>\n\t\t\t<div class='gallery-icon landscape'>\n\t\t\t\t<a href='http:\/\/skradzionymotocykl.pl\/baza\/wp-content\/uploads\/2011\/08\/noid-w8_ewa.jpg' rel='shadowbox[sbalbum-203];player=img;'><img width=\"150\" height=\"150\" src=\"http:\/\/skradzionymotocykl.pl\/baza\/wp-content\/uploads\/2011\/08\/noid-w8_ewa-150x150.jpg\" class=\"attachment-thumbnail size-thumbnail\" alt=\"\" decoding=\"async\" loading=\"lazy\" \/><\/a>\n\t\t\t<\/div><\/figure><figure class='gallery-item'>\n\t\t\t<div class='gallery-icon landscape'>\n\t\t\t\t<a href='http:\/\/skradzionymotocykl.pl\/baza\/wp-content\/uploads\/2011\/08\/noid-Yeah.jpg' rel='shadowbox[sbalbum-203];player=img;'><img width=\"150\" height=\"150\" src=\"http:\/\/skradzionymotocykl.pl\/baza\/wp-content\/uploads\/2011\/08\/noid-Yeah-150x150.jpg\" class=\"attachment-thumbnail size-thumbnail\" alt=\"\" decoding=\"async\" loading=\"lazy\" \/><\/a>\n\t\t\t<\/div><\/figure>\n\t\t<\/div>\n\n","protected":false},"excerpt":{"rendered":"<p>Marka motocykla: Ducati Model motocykla: Monster 696 Rok produkcji: 2008 [&hellip;]<\/p>\n","protected":false},"author":1,"featured_media":204,"comment_status":"closed","ping_status":"open","sticky":false,"template":"","format":"standard","meta":[],"categories":[10],"tags":[],"_links":{"self":[{"href":"http:\/\/skradzionymotocykl.pl\/baza\/wp-json\/wp\/v2\/posts\/203"}],"collection":[{"href":"http:\/\/skradzionymotocykl.pl\/baza\/wp-json\/wp\/v2\/posts"}],"about":[{"href":"http:\/\/skradzionymotocykl.pl\/baza\/wp-json\/wp\/v2\/types\/post"}],"author":[{"embeddable":true,"href":"http:\/\/skradzionymotocykl.pl\/baza\/wp-json\/wp\/v2\/users\/1"}],"replies":[{"embeddable":true,"href":"http:\/\/skradzionymotocykl.pl\/baza\/wp-json\/wp\/v2\/comments?post=203"}],"version-history":[{"count":4,"href":"http:\/\/skradzionymotocykl.pl\/baza\/wp-json\/wp\/v2\/posts\/203\/revisions"}],"predecessor-version":[{"id":236,"href":"http:\/\/skradzionymotocykl.pl\/baza\/wp-json\/wp\/v2\/posts\/203\/revisions\/236"}],"wp:featuredmedia":[{"embeddable":true,"href":"http:\/\/skradzionymotocykl.pl\/baza\/wp-json\/wp\/v2\/media\/204"}],"wp:attachment":[{"href":"http:\/\/skradzionymotocykl.pl\/baza\/wp-json\/wp\/v2\/media?parent=203"}],"wp:term":[{"taxonomy":"category","embeddable":true,"href":"http:\/\/skradzionymotocykl.pl\/baza\/wp-json\/wp\/v2\/categories?post=203"},{"taxonomy":"post_tag","embeddable":true,"href":"http:\/\/skradzionymotocykl.pl\/baza\/wp-json\/wp\/v2\/tags?post=203"}],"curies":[{"name":"wp","href":"https:\/\/api.w.org\/{rel}","templated":true}]}}