{"id":2462,"date":"2024-07-26T11:52:29","date_gmt":"2024-07-26T09:52:29","guid":{"rendered":"https:\/\/skradzionymotocykl.pl\/baza\/?p=2462"},"modified":"2024-07-26T11:52:29","modified_gmt":"2024-07-26T09:52:29","slug":"ktm-duke-690","status":"publish","type":"post","link":"http:\/\/skradzionymotocykl.pl\/baza\/2024\/07\/ktm-duke-690\/","title":{"rendered":"KTM Duke 690"},"content":{"rendered":"<p>marka motocykla: KTM<br \/>\nmodel motocykla: Duke 690<br \/>\nrok produkcji: 2014<br \/>\nnr vin: VBKLDT40XEM765258<br \/>\nnr rejestracji: Kol9FY2<br \/>\ndata kradzie\u017cy: 20.07.2024<br \/>\nmiejscowo\u015b\u0107: Malobadz ko\u0142o Olkusza<br \/>\nwojew\u00f3dztwo: Ma\u0142opolskie<br \/>\nznaki szczeg\u00f3lne, opis zdarzenia: Brak wydechu<br \/>\nMotocykl skradziony mi\u0119dzy godzina 2-7 z 19 na 20 lipca z gara\u017cu<\/p>\n<p><a href=\"http:\/\/skradzionymotocykl.pl\/baza\/wp-content\/uploads\/2024\/07\/IMG_0390.jpeg\"><img decoding=\"async\" loading=\"lazy\" src=\"http:\/\/skradzionymotocykl.pl\/baza\/wp-content\/uploads\/2024\/07\/IMG_0390-300x135.jpeg\" alt=\"\" width=\"300\" height=\"135\" class=\"aligncenter size-medium wp-image-2463\" srcset=\"http:\/\/skradzionymotocykl.pl\/baza\/wp-content\/uploads\/2024\/07\/IMG_0390-300x135.jpeg 300w, http:\/\/skradzionymotocykl.pl\/baza\/wp-content\/uploads\/2024\/07\/IMG_0390-1024x461.jpeg 1024w, http:\/\/skradzionymotocykl.pl\/baza\/wp-content\/uploads\/2024\/07\/IMG_0390-768x345.jpeg 768w, http:\/\/skradzionymotocykl.pl\/baza\/wp-content\/uploads\/2024\/07\/IMG_0390-1536x691.jpeg 1536w, http:\/\/skradzionymotocykl.pl\/baza\/wp-content\/uploads\/2024\/07\/IMG_0390-820x369.jpeg 820w, http:\/\/skradzionymotocykl.pl\/baza\/wp-content\/uploads\/2024\/07\/IMG_0390.jpeg 2048w\" sizes=\"(max-width: 300px) 100vw, 300px\" \/><\/a><\/p>\n<p><a href=\"http:\/\/skradzionymotocykl.pl\/baza\/wp-content\/uploads\/2024\/07\/IMG_0392.jpeg\"><img decoding=\"async\" loading=\"lazy\" src=\"http:\/\/skradzionymotocykl.pl\/baza\/wp-content\/uploads\/2024\/07\/IMG_0392-300x135.jpeg\" alt=\"\" width=\"300\" height=\"135\" class=\"aligncenter size-medium wp-image-2464\" srcset=\"http:\/\/skradzionymotocykl.pl\/baza\/wp-content\/uploads\/2024\/07\/IMG_0392-300x135.jpeg 300w, http:\/\/skradzionymotocykl.pl\/baza\/wp-content\/uploads\/2024\/07\/IMG_0392-1024x461.jpeg 1024w, http:\/\/skradzionymotocykl.pl\/baza\/wp-content\/uploads\/2024\/07\/IMG_0392-768x345.jpeg 768w, http:\/\/skradzionymotocykl.pl\/baza\/wp-content\/uploads\/2024\/07\/IMG_0392-1536x691.jpeg 1536w, http:\/\/skradzionymotocykl.pl\/baza\/wp-content\/uploads\/2024\/07\/IMG_0392-820x369.jpeg 820w, http:\/\/skradzionymotocykl.pl\/baza\/wp-content\/uploads\/2024\/07\/IMG_0392.jpeg 2048w\" sizes=\"(max-width: 300px) 100vw, 300px\" \/><\/a><\/p>\n","protected":false},"excerpt":{"rendered":"<p>marka motocykla: KTM model motocykla: Duke 690 rok produkcji: 2014 [&hellip;]<\/p>\n","protected":false},"author":1,"featured_media":2463,"comment_status":"closed","ping_status":"open","sticky":false,"template":"","format":"standard","meta":[],"categories":[9],"tags":[],"_links":{"self":[{"href":"http:\/\/skradzionymotocykl.pl\/baza\/wp-json\/wp\/v2\/posts\/2462"}],"collection":[{"href":"http:\/\/skradzionymotocykl.pl\/baza\/wp-json\/wp\/v2\/posts"}],"about":[{"href":"http:\/\/skradzionymotocykl.pl\/baza\/wp-json\/wp\/v2\/types\/post"}],"author":[{"embeddable":true,"href":"http:\/\/skradzionymotocykl.pl\/baza\/wp-json\/wp\/v2\/users\/1"}],"replies":[{"embeddable":true,"href":"http:\/\/skradzionymotocykl.pl\/baza\/wp-json\/wp\/v2\/comments?post=2462"}],"version-history":[{"count":1,"href":"http:\/\/skradzionymotocykl.pl\/baza\/wp-json\/wp\/v2\/posts\/2462\/revisions"}],"predecessor-version":[{"id":2465,"href":"http:\/\/skradzionymotocykl.pl\/baza\/wp-json\/wp\/v2\/posts\/2462\/revisions\/2465"}],"wp:featuredmedia":[{"embeddable":true,"href":"http:\/\/skradzionymotocykl.pl\/baza\/wp-json\/wp\/v2\/media\/2463"}],"wp:attachment":[{"href":"http:\/\/skradzionymotocykl.pl\/baza\/wp-json\/wp\/v2\/media?parent=2462"}],"wp:term":[{"taxonomy":"category","embeddable":true,"href":"http:\/\/skradzionymotocykl.pl\/baza\/wp-json\/wp\/v2\/categories?post=2462"},{"taxonomy":"post_tag","embeddable":true,"href":"http:\/\/skradzionymotocykl.pl\/baza\/wp-json\/wp\/v2\/tags?post=2462"}],"curies":[{"name":"wp","href":"https:\/\/api.w.org\/{rel}","templated":true}]}}