{"id":2469,"date":"2024-10-05T22:05:40","date_gmt":"2024-10-05T20:05:40","guid":{"rendered":"https:\/\/skradzionymotocykl.pl\/baza\/?p=2469"},"modified":"2024-10-05T22:06:17","modified_gmt":"2024-10-05T20:06:17","slug":"yamaha-mt07-3","status":"publish","type":"post","link":"http:\/\/skradzionymotocykl.pl\/baza\/2024\/10\/yamaha-mt07-3\/","title":{"rendered":"Yamaha MT07"},"content":{"rendered":"<p>marka motocykla: Yamaha<br \/>\nmodel motocykla: MT07<br \/>\nrok produkcji: 2017<br \/>\nnr vin: JYARM171000012937<br \/>\nnr rejestracji: WD3286<br \/>\ndata kradzie\u017cy: 05.10.2024<br \/>\nmiejscowo\u015b\u0107: Warszawa<br \/>\nwojew\u00f3dztwo: mazowieckie<br \/>\nznaki szczeg\u00f3lne, opis zdarzenia: <a href=\"http:\/\/skradzionymotocykl.pl\/baza\/wp-content\/uploads\/2024\/10\/IMG_20240729_093836.jpg\"><img decoding=\"async\" loading=\"lazy\" src=\"http:\/\/skradzionymotocykl.pl\/baza\/wp-content\/uploads\/2024\/10\/IMG_20240729_093836-300x225.jpg\" alt=\"\" width=\"300\" height=\"225\" class=\"aligncenter size-medium wp-image-2470\" srcset=\"http:\/\/skradzionymotocykl.pl\/baza\/wp-content\/uploads\/2024\/10\/IMG_20240729_093836-300x225.jpg 300w, http:\/\/skradzionymotocykl.pl\/baza\/wp-content\/uploads\/2024\/10\/IMG_20240729_093836-1024x768.jpg 1024w, http:\/\/skradzionymotocykl.pl\/baza\/wp-content\/uploads\/2024\/10\/IMG_20240729_093836-768x576.jpg 768w, http:\/\/skradzionymotocykl.pl\/baza\/wp-content\/uploads\/2024\/10\/IMG_20240729_093836-820x615.jpg 820w, http:\/\/skradzionymotocykl.pl\/baza\/wp-content\/uploads\/2024\/10\/IMG_20240729_093836.jpg 1200w\" sizes=\"(max-width: 300px) 100vw, 300px\" \/><\/a><\/p>\n<p><a href=\"http:\/\/skradzionymotocykl.pl\/baza\/wp-content\/uploads\/2024\/10\/IMG_20240729_093853.jpg\"><img decoding=\"async\" loading=\"lazy\" src=\"http:\/\/skradzionymotocykl.pl\/baza\/wp-content\/uploads\/2024\/10\/IMG_20240729_093853-300x225.jpg\" alt=\"\" width=\"300\" height=\"225\" class=\"aligncenter size-medium wp-image-2471\" srcset=\"http:\/\/skradzionymotocykl.pl\/baza\/wp-content\/uploads\/2024\/10\/IMG_20240729_093853-300x225.jpg 300w, http:\/\/skradzionymotocykl.pl\/baza\/wp-content\/uploads\/2024\/10\/IMG_20240729_093853-1024x768.jpg 1024w, http:\/\/skradzionymotocykl.pl\/baza\/wp-content\/uploads\/2024\/10\/IMG_20240729_093853-768x576.jpg 768w, http:\/\/skradzionymotocykl.pl\/baza\/wp-content\/uploads\/2024\/10\/IMG_20240729_093853-820x615.jpg 820w, http:\/\/skradzionymotocykl.pl\/baza\/wp-content\/uploads\/2024\/10\/IMG_20240729_093853.jpg 1200w\" sizes=\"(max-width: 300px) 100vw, 300px\" \/><\/a>Motocykl skradziono w nocy z 4-go na 5-go pa\u017adziernika z rogu ulicy Filtrowej i G\u00f3rnickiego. Mia\u0142 za\u0142o\u017con\u0105 blokad\u0119 tarczy hamulcowej.<\/p>\n","protected":false},"excerpt":{"rendered":"<p>marka motocykla: Yamaha model motocykla: MT07 rok produkcji: 2017 nr [&hellip;]<\/p>\n","protected":false},"author":1,"featured_media":2470,"comment_status":"closed","ping_status":"open","sticky":false,"template":"","format":"standard","meta":[],"categories":[1],"tags":[],"_links":{"self":[{"href":"http:\/\/skradzionymotocykl.pl\/baza\/wp-json\/wp\/v2\/posts\/2469"}],"collection":[{"href":"http:\/\/skradzionymotocykl.pl\/baza\/wp-json\/wp\/v2\/posts"}],"about":[{"href":"http:\/\/skradzionymotocykl.pl\/baza\/wp-json\/wp\/v2\/types\/post"}],"author":[{"embeddable":true,"href":"http:\/\/skradzionymotocykl.pl\/baza\/wp-json\/wp\/v2\/users\/1"}],"replies":[{"embeddable":true,"href":"http:\/\/skradzionymotocykl.pl\/baza\/wp-json\/wp\/v2\/comments?post=2469"}],"version-history":[{"count":2,"href":"http:\/\/skradzionymotocykl.pl\/baza\/wp-json\/wp\/v2\/posts\/2469\/revisions"}],"predecessor-version":[{"id":2473,"href":"http:\/\/skradzionymotocykl.pl\/baza\/wp-json\/wp\/v2\/posts\/2469\/revisions\/2473"}],"wp:featuredmedia":[{"embeddable":true,"href":"http:\/\/skradzionymotocykl.pl\/baza\/wp-json\/wp\/v2\/media\/2470"}],"wp:attachment":[{"href":"http:\/\/skradzionymotocykl.pl\/baza\/wp-json\/wp\/v2\/media?parent=2469"}],"wp:term":[{"taxonomy":"category","embeddable":true,"href":"http:\/\/skradzionymotocykl.pl\/baza\/wp-json\/wp\/v2\/categories?post=2469"},{"taxonomy":"post_tag","embeddable":true,"href":"http:\/\/skradzionymotocykl.pl\/baza\/wp-json\/wp\/v2\/tags?post=2469"}],"curies":[{"name":"wp","href":"https:\/\/api.w.org\/{rel}","templated":true}]}}