{"id":249,"date":"2011-10-16T03:34:32","date_gmt":"2011-10-16T01:34:32","guid":{"rendered":"http:\/\/skradzionymotocykl.pl\/baza\/?p=249"},"modified":"2011-10-16T03:34:32","modified_gmt":"2011-10-16T01:34:32","slug":"yamaha-fz6-fazer-s2","status":"publish","type":"post","link":"http:\/\/skradzionymotocykl.pl\/baza\/2011\/10\/yamaha-fz6-fazer-s2\/","title":{"rendered":"Yamaha Fz6 Fazer S2"},"content":{"rendered":"<p>Marka motocykla: Yamaha<br \/>\nModel motocykla: Fz6 Fazer s2<br \/>\nRok produkcji: 2008<br \/>\nnr Vin: JYARJ149000004678<br \/>\nnr. rejestracji: ZKO M980<br \/>\nMiejsce kradzie\u017cy: D\u0104BR\u00d3WKA KOLO POZNANIA<br \/>\nData kradzie\u017cy: 14.10.2011<br \/>\nOpis zdarzenia: MOTOCYKL NAJPRAWDOPODOBNIEJ WCIAGNIETY NA PAKE, BYL MOCOWANY LANCUCHEM DO LAMPY, DISLOCK. SKRADZIONY OKOLO GODZINY21<br \/>\nZnaki szczeg\u00f3\u0142owe: NAKLEJKI Z MODELU 2007 CZYLI SZARE<\/p>\n<p>Email maciej.frankowski@gmail.com<br \/>\nnr. telefonu 501 549 907<\/p>\n<p>&nbsp;<\/p>\n<div id='gallery-1' class='gallery galleryid-249 gallery-columns-3 gallery-size-thumbnail'><figure class='gallery-item'>\n\t\t\t<div class='gallery-icon landscape'>\n\t\t\t\t<a href='http:\/\/skradzionymotocykl.pl\/baza\/wp-content\/uploads\/2011\/10\/noid-SDC10480.jpg' rel='shadowbox[sbalbum-249];player=img;'><img width=\"150\" height=\"150\" src=\"http:\/\/skradzionymotocykl.pl\/baza\/wp-content\/uploads\/2011\/10\/noid-SDC10480-150x150.jpg\" class=\"attachment-thumbnail size-thumbnail\" alt=\"\" decoding=\"async\" loading=\"lazy\" \/><\/a>\n\t\t\t<\/div><\/figure><figure class='gallery-item'>\n\t\t\t<div class='gallery-icon portrait'>\n\t\t\t\t<a href='http:\/\/skradzionymotocykl.pl\/baza\/wp-content\/uploads\/2011\/10\/noid-P6184211.jpg' rel='shadowbox[sbalbum-249];player=img;'><img width=\"150\" height=\"150\" src=\"http:\/\/skradzionymotocykl.pl\/baza\/wp-content\/uploads\/2011\/10\/noid-P6184211-150x150.jpg\" class=\"attachment-thumbnail size-thumbnail\" alt=\"\" decoding=\"async\" loading=\"lazy\" \/><\/a>\n\t\t\t<\/div><\/figure>\n\t\t<\/div>\n\n","protected":false},"excerpt":{"rendered":"<p>Marka motocykla: Yamaha Model motocykla: Fz6 Fazer s2 Rok produkcji: [&hellip;]<\/p>\n","protected":false},"author":1,"featured_media":250,"comment_status":"closed","ping_status":"open","sticky":false,"template":"","format":"standard","meta":[],"categories":[18],"tags":[],"_links":{"self":[{"href":"http:\/\/skradzionymotocykl.pl\/baza\/wp-json\/wp\/v2\/posts\/249"}],"collection":[{"href":"http:\/\/skradzionymotocykl.pl\/baza\/wp-json\/wp\/v2\/posts"}],"about":[{"href":"http:\/\/skradzionymotocykl.pl\/baza\/wp-json\/wp\/v2\/types\/post"}],"author":[{"embeddable":true,"href":"http:\/\/skradzionymotocykl.pl\/baza\/wp-json\/wp\/v2\/users\/1"}],"replies":[{"embeddable":true,"href":"http:\/\/skradzionymotocykl.pl\/baza\/wp-json\/wp\/v2\/comments?post=249"}],"version-history":[{"count":1,"href":"http:\/\/skradzionymotocykl.pl\/baza\/wp-json\/wp\/v2\/posts\/249\/revisions"}],"predecessor-version":[{"id":252,"href":"http:\/\/skradzionymotocykl.pl\/baza\/wp-json\/wp\/v2\/posts\/249\/revisions\/252"}],"wp:featuredmedia":[{"embeddable":true,"href":"http:\/\/skradzionymotocykl.pl\/baza\/wp-json\/wp\/v2\/media\/250"}],"wp:attachment":[{"href":"http:\/\/skradzionymotocykl.pl\/baza\/wp-json\/wp\/v2\/media?parent=249"}],"wp:term":[{"taxonomy":"category","embeddable":true,"href":"http:\/\/skradzionymotocykl.pl\/baza\/wp-json\/wp\/v2\/categories?post=249"},{"taxonomy":"post_tag","embeddable":true,"href":"http:\/\/skradzionymotocykl.pl\/baza\/wp-json\/wp\/v2\/tags?post=249"}],"curies":[{"name":"wp","href":"https:\/\/api.w.org\/{rel}","templated":true}]}}