{"id":2529,"date":"2025-07-13T17:08:42","date_gmt":"2025-07-13T15:08:42","guid":{"rendered":"https:\/\/skradzionymotocykl.pl\/baza\/?p=2529"},"modified":"2025-07-13T17:08:42","modified_gmt":"2025-07-13T15:08:42","slug":"yamaha-yzf-r6","status":"publish","type":"post","link":"http:\/\/skradzionymotocykl.pl\/baza\/2025\/07\/yamaha-yzf-r6\/","title":{"rendered":"Yamaha YZF R6"},"content":{"rendered":"<p>marka motocykla: Yamaha<br \/>\nmodel motocykla: YZF R6<br \/>\nrok produkcji: 2002<br \/>\nnr vin: JYARJ036000017213<br \/>\nnr rejestracji:\tF1 OLEG<br \/>\ndata kradzie\u017cy: 12\/13.07.2025r. w nocy<br \/>\nmiejscowo\u015b\u0107: S\u0141UBICE<br \/>\nwojew\u00f3dztwo: Lubuskie<br \/>\nznaki szczeg\u00f3lne, opis zdarzenia: W nocy z 12\/13.07. 2025r. skradziono motor z osiedla Wimar w S\u0142ubicach.<\/p>\n<p><a href=\"http:\/\/skradzionymotocykl.pl\/baza\/wp-content\/uploads\/2025\/07\/inbound8618880925964817058.jpg\"><img decoding=\"async\" loading=\"lazy\" src=\"http:\/\/skradzionymotocykl.pl\/baza\/wp-content\/uploads\/2025\/07\/inbound8618880925964817058-300x225.jpg\" alt=\"\" width=\"300\" height=\"225\" class=\"aligncenter size-medium wp-image-2530\" srcset=\"http:\/\/skradzionymotocykl.pl\/baza\/wp-content\/uploads\/2025\/07\/inbound8618880925964817058-300x225.jpg 300w, http:\/\/skradzionymotocykl.pl\/baza\/wp-content\/uploads\/2025\/07\/inbound8618880925964817058-1024x768.jpg 1024w, http:\/\/skradzionymotocykl.pl\/baza\/wp-content\/uploads\/2025\/07\/inbound8618880925964817058-768x576.jpg 768w, http:\/\/skradzionymotocykl.pl\/baza\/wp-content\/uploads\/2025\/07\/inbound8618880925964817058-1536x1152.jpg 1536w, http:\/\/skradzionymotocykl.pl\/baza\/wp-content\/uploads\/2025\/07\/inbound8618880925964817058-820x615.jpg 820w, http:\/\/skradzionymotocykl.pl\/baza\/wp-content\/uploads\/2025\/07\/inbound8618880925964817058.jpg 1600w\" sizes=\"(max-width: 300px) 100vw, 300px\" \/><\/a><\/p>\n<p><a href=\"http:\/\/skradzionymotocykl.pl\/baza\/wp-content\/uploads\/2025\/07\/inbound7282827347133024721.jpg\"><img decoding=\"async\" loading=\"lazy\" src=\"http:\/\/skradzionymotocykl.pl\/baza\/wp-content\/uploads\/2025\/07\/inbound7282827347133024721-300x225.jpg\" alt=\"\" width=\"300\" height=\"225\" class=\"aligncenter size-medium wp-image-2531\" srcset=\"http:\/\/skradzionymotocykl.pl\/baza\/wp-content\/uploads\/2025\/07\/inbound7282827347133024721-300x225.jpg 300w, http:\/\/skradzionymotocykl.pl\/baza\/wp-content\/uploads\/2025\/07\/inbound7282827347133024721-1024x768.jpg 1024w, http:\/\/skradzionymotocykl.pl\/baza\/wp-content\/uploads\/2025\/07\/inbound7282827347133024721-768x576.jpg 768w, http:\/\/skradzionymotocykl.pl\/baza\/wp-content\/uploads\/2025\/07\/inbound7282827347133024721-1536x1152.jpg 1536w, http:\/\/skradzionymotocykl.pl\/baza\/wp-content\/uploads\/2025\/07\/inbound7282827347133024721-820x615.jpg 820w, http:\/\/skradzionymotocykl.pl\/baza\/wp-content\/uploads\/2025\/07\/inbound7282827347133024721.jpg 1600w\" sizes=\"(max-width: 300px) 100vw, 300px\" \/><\/a><\/p>\n","protected":false},"excerpt":{"rendered":"<p>marka motocykla: Yamaha model motocykla: YZF R6 rok produkcji: 2002 [&hellip;]<\/p>\n","protected":false},"author":1,"featured_media":2530,"comment_status":"closed","ping_status":"open","sticky":false,"template":"","format":"standard","meta":[],"categories":[7],"tags":[],"_links":{"self":[{"href":"http:\/\/skradzionymotocykl.pl\/baza\/wp-json\/wp\/v2\/posts\/2529"}],"collection":[{"href":"http:\/\/skradzionymotocykl.pl\/baza\/wp-json\/wp\/v2\/posts"}],"about":[{"href":"http:\/\/skradzionymotocykl.pl\/baza\/wp-json\/wp\/v2\/types\/post"}],"author":[{"embeddable":true,"href":"http:\/\/skradzionymotocykl.pl\/baza\/wp-json\/wp\/v2\/users\/1"}],"replies":[{"embeddable":true,"href":"http:\/\/skradzionymotocykl.pl\/baza\/wp-json\/wp\/v2\/comments?post=2529"}],"version-history":[{"count":1,"href":"http:\/\/skradzionymotocykl.pl\/baza\/wp-json\/wp\/v2\/posts\/2529\/revisions"}],"predecessor-version":[{"id":2532,"href":"http:\/\/skradzionymotocykl.pl\/baza\/wp-json\/wp\/v2\/posts\/2529\/revisions\/2532"}],"wp:featuredmedia":[{"embeddable":true,"href":"http:\/\/skradzionymotocykl.pl\/baza\/wp-json\/wp\/v2\/media\/2530"}],"wp:attachment":[{"href":"http:\/\/skradzionymotocykl.pl\/baza\/wp-json\/wp\/v2\/media?parent=2529"}],"wp:term":[{"taxonomy":"category","embeddable":true,"href":"http:\/\/skradzionymotocykl.pl\/baza\/wp-json\/wp\/v2\/categories?post=2529"},{"taxonomy":"post_tag","embeddable":true,"href":"http:\/\/skradzionymotocykl.pl\/baza\/wp-json\/wp\/v2\/tags?post=2529"}],"curies":[{"name":"wp","href":"https:\/\/api.w.org\/{rel}","templated":true}]}}