{"id":348,"date":"2012-05-07T21:03:26","date_gmt":"2012-05-07T19:03:26","guid":{"rendered":"http:\/\/skradzionymotocykl.pl\/baza\/?p=348"},"modified":"2012-05-07T21:03:26","modified_gmt":"2012-05-07T19:03:26","slug":"yamaha-dt80lcii-espanol","status":"publish","type":"post","link":"http:\/\/skradzionymotocykl.pl\/baza\/2012\/05\/yamaha-dt80lcii-espanol\/","title":{"rendered":"Yamaha DT80LCII Espanol"},"content":{"rendered":"<p>Marka motocykla Yamaha<br \/>\nModel motocykla DT80LCII Espanol<br \/>\nRok produkcji 1995<br \/>\nnr Vin VTL3JXS00SA006283<br \/>\nnr. rejestracji GTC 8A41<br \/>\nData kradzie\u017cy Wrzesie\u0144 2010<br \/>\nMiejsce kradzie\u017cy Stanis\u0142awie k. Tczewa<br \/>\nZnaki szczeg\u00f3\u0142owe Bak z mocowaniami na plastiki z obydwu stron, lewy plastik na baku, aluminiowa felga tylna.<br \/>\nOpis zdarzenia Motocykl zosta\u0142 skradziony z gara\u017cu w Stanis\u0142awiu k. Tczewa, sprawcy do gara\u017cu dostali si\u0119 ty\u0142em.<br \/>\nMotocykl zabezpieczony by\u0142 \u0142a\u0144cuchem &#8211; przeci\u0119to k\u0142\u00f3dk\u0119, oraz blokad\u0105 na tarczy hamulcowej &#8211; cz\u0119\u015b\u0107 tarczy zosta\u0142 oderwany \u0142\u0105cznie z blokad\u0105. Nast\u0119pnie motocykl zosta\u0142 za\u0142adowany na bia\u0142ego busa (marki ani nr. rejestracyjne nieznane)<\/p>\n<p>Dawid<br \/>\nEmail mail@fastman.eu<br \/>\nnr. telefonu 790359039<\/p>\n<div id='gallery-1' class='gallery galleryid-348 gallery-columns-3 gallery-size-thumbnail'><figure class='gallery-item'>\n\t\t\t<div class='gallery-icon landscape'>\n\t\t\t\t<a href='http:\/\/skradzionymotocykl.pl\/baza\/wp-content\/uploads\/2012\/05\/noid-DSC03911.jpg' rel='shadowbox[sbalbum-348];player=img;'><img width=\"150\" height=\"150\" src=\"http:\/\/skradzionymotocykl.pl\/baza\/wp-content\/uploads\/2012\/05\/noid-DSC03911-150x150.jpg\" class=\"attachment-thumbnail size-thumbnail\" alt=\"\" decoding=\"async\" loading=\"lazy\" \/><\/a>\n\t\t\t<\/div><\/figure><figure class='gallery-item'>\n\t\t\t<div class='gallery-icon landscape'>\n\t\t\t\t<a href='http:\/\/skradzionymotocykl.pl\/baza\/wp-content\/uploads\/2012\/05\/noid-DSC04161.jpg' rel='shadowbox[sbalbum-348];player=img;'><img width=\"150\" height=\"150\" src=\"http:\/\/skradzionymotocykl.pl\/baza\/wp-content\/uploads\/2012\/05\/noid-DSC04161-150x150.jpg\" class=\"attachment-thumbnail size-thumbnail\" alt=\"\" decoding=\"async\" loading=\"lazy\" \/><\/a>\n\t\t\t<\/div><\/figure><figure class='gallery-item'>\n\t\t\t<div class='gallery-icon landscape'>\n\t\t\t\t<a href='http:\/\/skradzionymotocykl.pl\/baza\/wp-content\/uploads\/2012\/05\/noid-DSC04233.jpg' rel='shadowbox[sbalbum-348];player=img;'><img width=\"150\" height=\"150\" src=\"http:\/\/skradzionymotocykl.pl\/baza\/wp-content\/uploads\/2012\/05\/noid-DSC04233-150x150.jpg\" class=\"attachment-thumbnail size-thumbnail\" alt=\"\" decoding=\"async\" loading=\"lazy\" \/><\/a>\n\t\t\t<\/div><\/figure>\n\t\t<\/div>\n\n","protected":false},"excerpt":{"rendered":"<p>Marka motocykla Yamaha Model motocykla DT80LCII Espanol Rok produkcji 1995 [&hellip;]<\/p>\n","protected":false},"author":1,"featured_media":349,"comment_status":"closed","ping_status":"open","sticky":false,"template":"","format":"standard","meta":[],"categories":[14],"tags":[],"_links":{"self":[{"href":"http:\/\/skradzionymotocykl.pl\/baza\/wp-json\/wp\/v2\/posts\/348"}],"collection":[{"href":"http:\/\/skradzionymotocykl.pl\/baza\/wp-json\/wp\/v2\/posts"}],"about":[{"href":"http:\/\/skradzionymotocykl.pl\/baza\/wp-json\/wp\/v2\/types\/post"}],"author":[{"embeddable":true,"href":"http:\/\/skradzionymotocykl.pl\/baza\/wp-json\/wp\/v2\/users\/1"}],"replies":[{"embeddable":true,"href":"http:\/\/skradzionymotocykl.pl\/baza\/wp-json\/wp\/v2\/comments?post=348"}],"version-history":[{"count":2,"href":"http:\/\/skradzionymotocykl.pl\/baza\/wp-json\/wp\/v2\/posts\/348\/revisions"}],"predecessor-version":[{"id":353,"href":"http:\/\/skradzionymotocykl.pl\/baza\/wp-json\/wp\/v2\/posts\/348\/revisions\/353"}],"wp:featuredmedia":[{"embeddable":true,"href":"http:\/\/skradzionymotocykl.pl\/baza\/wp-json\/wp\/v2\/media\/349"}],"wp:attachment":[{"href":"http:\/\/skradzionymotocykl.pl\/baza\/wp-json\/wp\/v2\/media?parent=348"}],"wp:term":[{"taxonomy":"category","embeddable":true,"href":"http:\/\/skradzionymotocykl.pl\/baza\/wp-json\/wp\/v2\/categories?post=348"},{"taxonomy":"post_tag","embeddable":true,"href":"http:\/\/skradzionymotocykl.pl\/baza\/wp-json\/wp\/v2\/tags?post=348"}],"curies":[{"name":"wp","href":"https:\/\/api.w.org\/{rel}","templated":true}]}}