{"id":452,"date":"2012-10-04T21:32:44","date_gmt":"2012-10-04T19:32:44","guid":{"rendered":"http:\/\/skradzionymotocykl.pl\/baza\/?p=452"},"modified":"2012-10-04T21:32:44","modified_gmt":"2012-10-04T19:32:44","slug":"yamaha-trx-850","status":"publish","type":"post","link":"http:\/\/skradzionymotocykl.pl\/baza\/2012\/10\/yamaha-trx-850\/","title":{"rendered":"YAMAHA TRX 850"},"content":{"rendered":"<p>Marka motocykla: yamaha<br \/>\nModel motocykla: trx850<br \/>\nRok produkcji: 1998<br \/>\nnr Vin: JYA4UN00000002675<br \/>\nnr. rejestracji: SK5435<br \/>\nData kradzie\u017cy: 03.10.2012<br \/>\nMiejsce kradzie\u017cy: KATOWICE &#8211; JAN\u00d3W<br \/>\nZnaki szczeg\u00f3\u0142owe: CZARNY METALIK<br \/>\nOpis zdarzenia: W nocy z 03 na 04.10.2012 skradziono z gara\u017cu yamahe trx 850 czarny metalik mieni\u0105c\u0105 sie w s\u0142oncu w 2 kolorach,porysowany ma prawy dekiel i t\u0142umik. T\u0142umiki Ganelli z karbonem.<\/p>\n<p>Tomasz<br \/>\ndawca1@vp.pl<br \/>\nnr. telefonu 500233555<\/p>\n<p><a href=\"http:\/\/skradzionymotocykl.pl\/baza\/wp-content\/uploads\/2012\/10\/noid-zelazko_n_004.jpg\" title=\"noid-zelazko_n_004\"><img decoding=\"async\" loading=\"lazy\" class=\"aligncenter size-medium wp-image-453\" title=\"noid-zelazko_n_004\" src=\"http:\/\/skradzionymotocykl.pl\/baza\/wp-content\/uploads\/2012\/10\/noid-zelazko_n_004-300x225.jpg\" alt=\"\" width=\"300\" height=\"225\" srcset=\"http:\/\/skradzionymotocykl.pl\/baza\/wp-content\/uploads\/2012\/10\/noid-zelazko_n_004-300x225.jpg 300w, http:\/\/skradzionymotocykl.pl\/baza\/wp-content\/uploads\/2012\/10\/noid-zelazko_n_004.jpg 768w\" sizes=\"(max-width: 300px) 100vw, 300px\" \/><\/a><\/p>\n","protected":false},"excerpt":{"rendered":"<p>Marka motocykla: yamaha Model motocykla: trx850 Rok produkcji: 1998 nr [&hellip;]<\/p>\n","protected":false},"author":1,"featured_media":453,"comment_status":"closed","ping_status":"open","sticky":false,"template":"","format":"standard","meta":[],"categories":[15],"tags":[],"_links":{"self":[{"href":"http:\/\/skradzionymotocykl.pl\/baza\/wp-json\/wp\/v2\/posts\/452"}],"collection":[{"href":"http:\/\/skradzionymotocykl.pl\/baza\/wp-json\/wp\/v2\/posts"}],"about":[{"href":"http:\/\/skradzionymotocykl.pl\/baza\/wp-json\/wp\/v2\/types\/post"}],"author":[{"embeddable":true,"href":"http:\/\/skradzionymotocykl.pl\/baza\/wp-json\/wp\/v2\/users\/1"}],"replies":[{"embeddable":true,"href":"http:\/\/skradzionymotocykl.pl\/baza\/wp-json\/wp\/v2\/comments?post=452"}],"version-history":[{"count":1,"href":"http:\/\/skradzionymotocykl.pl\/baza\/wp-json\/wp\/v2\/posts\/452\/revisions"}],"predecessor-version":[{"id":454,"href":"http:\/\/skradzionymotocykl.pl\/baza\/wp-json\/wp\/v2\/posts\/452\/revisions\/454"}],"wp:featuredmedia":[{"embeddable":true,"href":"http:\/\/skradzionymotocykl.pl\/baza\/wp-json\/wp\/v2\/media\/453"}],"wp:attachment":[{"href":"http:\/\/skradzionymotocykl.pl\/baza\/wp-json\/wp\/v2\/media?parent=452"}],"wp:term":[{"taxonomy":"category","embeddable":true,"href":"http:\/\/skradzionymotocykl.pl\/baza\/wp-json\/wp\/v2\/categories?post=452"},{"taxonomy":"post_tag","embeddable":true,"href":"http:\/\/skradzionymotocykl.pl\/baza\/wp-json\/wp\/v2\/tags?post=452"}],"curies":[{"name":"wp","href":"https:\/\/api.w.org\/{rel}","templated":true}]}}